{"id":19761,"date":"2026-09-01T08:49:27","date_gmt":"2026-09-01T06:49:27","guid":{"rendered":"https:\/\/web4.karlsruhe.de\/Gemeinderat\/Gruene\/?p=19761"},"modified":"2026-09-01T08:49:29","modified_gmt":"2026-09-01T06:49:29","slug":"kinderrechte-sichtbar-machen-interfraktioneller-antrag-fuer-einen-platz-der-kinderrechte-in-karlsruhe","status":"publish","type":"post","link":"https:\/\/web4.karlsruhe.de\/Gemeinderat\/Gruene\/2026\/09\/kinderrechte-sichtbar-machen-interfraktioneller-antrag-fuer-einen-platz-der-kinderrechte-in-karlsruhe\/","title":{"rendered":"Kinderrechte sichtbar machen: Interfraktioneller Antrag f\u00fcr einen Platz der Kinderrechte in Karlsruhe"},"content":{"rendered":"\n<p class=\"wp-block-paragraph\">Mit einem <a href=\"https:\/\/web4.karlsruhe.de\/Gemeinderat\/Gruene\/2026\/07\/interfraktioneller-antrag-platz-der-kinderrechte\/\">interfraktionellen Pr\u00fcfantrag<\/a> setzen sich die Fraktionen GR\u00dcNE, SPD, Die Linke, KAL und Volt daf\u00fcr ein, in Karlsruhe einen \u201ePlatz der Kinderrechte\u201c zu schaffen. Die Initiative greift den Vorschlag des Deutschen Kinderschutzbundes auf und soll Kinderrechte im \u00f6ffentlichen Raum sichtbar machen sowie das Bewusstsein f\u00fcr ihre Bedeutung st\u00e4rken.<\/p>\n\n\n\n<p class=\"wp-block-paragraph\">\u201eKinderrechte geh\u00f6ren in die Mitte unserer Gesellschaft und damit auch in die Mitte unserer Stadt. Ein Platz der Kinderrechte w\u00e4re ein deutliches Zeichen daf\u00fcr, dass wir die Anliegen und Perspektiven von Kindern und Jugendlichen ernst nehmen und ihre Rechte st\u00e4rken wollen\u201c, erkl\u00e4ren die antragstellenden Fraktionen.<\/p>\n\n\n\n<p class=\"wp-block-paragraph\">Der Antrag sieht vor, dass die Stadtverwaltung ein Konzept f\u00fcr einen \u201ePlatz der Kinderrechte\u201c entwickelt und nach einem Beteiligungsprozess einen m\u00f6glichst zentral gelegenen Ort vorschl\u00e4gt. Kinder und Jugendliche sollen dabei von Anfang an aktiv eingebunden werden, von der Auswahl des Platzes \u00fcber dessen Benennung bis hin zur Gestaltung. Begleitet werden soll der Prozess durch das Kinderb\u00fcro und den Stadtjugendausschuss.<\/p>\n\n\n\n<p class=\"wp-block-paragraph\">\u201eDer Platz soll mehr sein als ein Name auf einem Stra\u00dfenschild. Wir m\u00f6chten einen lebendigen Ort schaffen, den Kinder und Jugendliche mitgestalten und immer wieder neu pr\u00e4gen k\u00f6nnen. Wir w\u00fcnschen uns, dass der Platz als au\u00dferschulischer Lernort konzipiert wird, der beispielsweise Schulklassen die M\u00f6glichkeit bietet, demokratische Werte und Beteiligung unmittelbar vor Ort zu erleben und in den Unterricht einzubinden\u201c, so die antragstellenden Fraktionen weiter.<\/p>\n","protected":false},"excerpt":{"rendered":"<p>Mit einem interfraktionellen Pr\u00fcfantrag setzen sich die Fraktionen GR\u00dcNE, SPD, Die Linke, KAL und Volt daf\u00fcr ein, in Karlsruhe einen \u201ePlatz der Kinderrechte\u201c zu schaffen. Die Initiative greift den Vorschlag [&hellip;]<\/p>\n","protected":false},"author":-1,"featured_media":19697,"comment_status":"closed","ping_status":"closed","sticky":false,"template":"","format":"standard","meta":{"footnotes":"","_links_to":"","_links_to_target":""},"categories":[12],"tags":[17,34,55],"class_list":["post-19761","post","type-post","status-publish","format-standard","has-post-thumbnail","hentry","category-pressemeldungen","tag-bildung","tag-kinder-jugend","tag-stadtentwicklung"],"_links":{"self":[{"href":"https:\/\/web4.karlsruhe.de\/Gemeinderat\/Gruene\/wp-json\/wp\/v2\/posts\/19761","targetHints":{"allow":["GET"]}}],"collection":[{"href":"https:\/\/web4.karlsruhe.de\/Gemeinderat\/Gruene\/wp-json\/wp\/v2\/posts"}],"about":[{"href":"https:\/\/web4.karlsruhe.de\/Gemeinderat\/Gruene\/wp-json\/wp\/v2\/types\/post"}],"author":[{"embeddable":true,"href":"https:\/\/web4.karlsruhe.de\/Gemeinderat\/Gruene\/wp-json\/wp\/v2\/users\/4"}],"replies":[{"embeddable":true,"href":"https:\/\/web4.karlsruhe.de\/Gemeinderat\/Gruene\/wp-json\/wp\/v2\/comments?post=19761"}],"version-history":[{"count":1,"href":"https:\/\/web4.karlsruhe.de\/Gemeinderat\/Gruene\/wp-json\/wp\/v2\/posts\/19761\/revisions"}],"predecessor-version":[{"id":19762,"href":"https:\/\/web4.karlsruhe.de\/Gemeinderat\/Gruene\/wp-json\/wp\/v2\/posts\/19761\/revisions\/19762"}],"wp:featuredmedia":[{"embeddable":true,"href":"https:\/\/web4.karlsruhe.de\/Gemeinderat\/Gruene\/wp-json\/wp\/v2\/media\/19697"}],"wp:attachment":[{"href":"https:\/\/web4.karlsruhe.de\/Gemeinderat\/Gruene\/wp-json\/wp\/v2\/media?parent=19761"}],"wp:term":[{"taxonomy":"category","embeddable":true,"href":"https:\/\/web4.karlsruhe.de\/Gemeinderat\/Gruene\/wp-json\/wp\/v2\/categories?post=19761"},{"taxonomy":"post_tag","embeddable":true,"href":"https:\/\/web4.karlsruhe.de\/Gemeinderat\/Gruene\/wp-json\/wp\/v2\/tags?post=19761"}],"curies":[{"name":"wp","href":"https:\/\/api.w.org\/{rel}","templated":true}]}}