{"id":19426,"date":"2026-04-29T09:57:22","date_gmt":"2026-04-29T07:57:22","guid":{"rendered":"https:\/\/web4.karlsruhe.de\/Gemeinderat\/Gruene\/?p=19426"},"modified":"2026-04-29T09:57:23","modified_gmt":"2026-04-29T07:57:23","slug":"mitgliedschaft-deutsche-gesellschaft-fuer-nachhaltiges-bauen-dgnb","status":"publish","type":"post","link":"https:\/\/web4.karlsruhe.de\/Gemeinderat\/Gruene\/2026\/04\/mitgliedschaft-deutsche-gesellschaft-fuer-nachhaltiges-bauen-dgnb\/","title":{"rendered":"Mitgliedschaft Deutsche Gesellschaft f\u00fcr Nachhaltiges Bauen (DGNB)"},"content":{"rendered":"\n<h2 class=\"wp-block-heading\">Rede von Ivo Dujmovi\u0107 in der Gemeinderatssitzung 28.04.2026 zu TOP 21<\/h2>\n\n\n\n<p>Lieber Oberb\u00fcrgermeister,<br>liebe Kolleg*innen,<\/p>\n\n\n\n<p>h\u00e4tten wir nicht das vorhandene Haushaltsloch h\u00e4tten Sie, h\u00e4ttet ihr jetzt eine flammende Rede geh\u00f6rt.<br>Eine Rede daf\u00fcr, dass die Stadt so viele Fortbildungen und Zertifizierungen bei der DGNB machen sollte, dass sich die Mitgliedschaft monet\u00e4r lohnt.<br><br>Wir haben aber ein klaffendes Haushaltsloch. Und trotzdem lehnen wir als gr\u00fcne Fraktion den Austritt ab. Warum? Jetzt kommt eine andere, k\u00fcrzere Rede, nicht flammend sondern sorgenvoll. Ich habe Angst vor der Klimakatastrophe und diese wird davon versch\u00e4rft, wie gebaut wird. Das Bauwesen muss sich ver\u00e4ndern und DAS ist das was die DGNB vorantreibt. Wir als Kreislaufwirtschaftsstadt sollten sicherstellen, dass Netzwerke die vorhanden sind am Leben bleiben. Daf\u00fcr braucht es die Zuverl\u00e4ssigkeit von uns Kommunen. Unser Appell: Lasst uns als Karlsruhe dieser sichere Fels in der Brandung auch in zeiten knapper Kassen sein.<br><br><\/p>\n","protected":false},"excerpt":{"rendered":"<p>Rede von Ivo Dujmovi\u0107 in der Gemeinderatssitzung 28.04.2026 zu TOP 21 Lieber Oberb\u00fcrgermeister,liebe Kolleg*innen, h\u00e4tten wir nicht das vorhandene Haushaltsloch h\u00e4tten Sie, h\u00e4ttet ihr jetzt eine flammende Rede geh\u00f6rt.Eine Rede [&hellip;]<\/p>\n","protected":false},"author":-1,"featured_media":19427,"comment_status":"closed","ping_status":"closed","sticky":false,"template":"","format":"standard","meta":{"footnotes":"","_links_to":"","_links_to_target":""},"categories":[10],"tags":[35,55],"class_list":["post-19426","post","type-post","status-publish","format-standard","has-post-thumbnail","hentry","category-reden","tag-klimaschutz","tag-stadtentwicklung"],"_links":{"self":[{"href":"https:\/\/web4.karlsruhe.de\/Gemeinderat\/Gruene\/wp-json\/wp\/v2\/posts\/19426","targetHints":{"allow":["GET"]}}],"collection":[{"href":"https:\/\/web4.karlsruhe.de\/Gemeinderat\/Gruene\/wp-json\/wp\/v2\/posts"}],"about":[{"href":"https:\/\/web4.karlsruhe.de\/Gemeinderat\/Gruene\/wp-json\/wp\/v2\/types\/post"}],"author":[{"embeddable":true,"href":"https:\/\/web4.karlsruhe.de\/Gemeinderat\/Gruene\/wp-json\/wp\/v2\/users\/4"}],"replies":[{"embeddable":true,"href":"https:\/\/web4.karlsruhe.de\/Gemeinderat\/Gruene\/wp-json\/wp\/v2\/comments?post=19426"}],"version-history":[{"count":1,"href":"https:\/\/web4.karlsruhe.de\/Gemeinderat\/Gruene\/wp-json\/wp\/v2\/posts\/19426\/revisions"}],"predecessor-version":[{"id":19428,"href":"https:\/\/web4.karlsruhe.de\/Gemeinderat\/Gruene\/wp-json\/wp\/v2\/posts\/19426\/revisions\/19428"}],"wp:featuredmedia":[{"embeddable":true,"href":"https:\/\/web4.karlsruhe.de\/Gemeinderat\/Gruene\/wp-json\/wp\/v2\/media\/19427"}],"wp:attachment":[{"href":"https:\/\/web4.karlsruhe.de\/Gemeinderat\/Gruene\/wp-json\/wp\/v2\/media?parent=19426"}],"wp:term":[{"taxonomy":"category","embeddable":true,"href":"https:\/\/web4.karlsruhe.de\/Gemeinderat\/Gruene\/wp-json\/wp\/v2\/categories?post=19426"},{"taxonomy":"post_tag","embeddable":true,"href":"https:\/\/web4.karlsruhe.de\/Gemeinderat\/Gruene\/wp-json\/wp\/v2\/tags?post=19426"}],"curies":[{"name":"wp","href":"https:\/\/api.w.org\/{rel}","templated":true}]}}