{"id":19420,"date":"2026-04-29T09:36:27","date_gmt":"2026-04-29T07:36:27","guid":{"rendered":"https:\/\/web4.karlsruhe.de\/Gemeinderat\/Gruene\/?p=19420"},"modified":"2026-04-29T09:40:13","modified_gmt":"2026-04-29T07:40:13","slug":"rheinstrandbad-rappenwoert","status":"publish","type":"post","link":"https:\/\/web4.karlsruhe.de\/Gemeinderat\/Gruene\/2026\/04\/rheinstrandbad-rappenwoert\/","title":{"rendered":"Rheinstrandbad Rappenw\u00f6rt"},"content":{"rendered":"\n<h2 class=\"wp-block-heading\">Rede von Verena Anlauf in der Gemeinderatssitzung 28.04.2026 zu TOP 9<\/h2>\n\n\n\n<p>Herr Oberb\u00fcrgermeister, liebe Kolleginnen und Kollegen, liebe B\u00fcrger*innen,<\/p>\n\n\n\n<p>Das Rheinstrandbad Rappenw\u00f6rt ist einzigartig. Es ist ein Kleinod weit im Westen so wie die Turmbergbahn im Osten. Das Bad wird in drei Jahren 100 Jahre alt. Das sollten wir ausgiebig feiern, denn die Bauwerke stehen in der damals sehr fortschrittlichen Bauhaus-Tradition und ein Bad f\u00fcr die einfache B\u00fcrgerschaft, \u00fcberhaupt der Gedanke an Erholung und Freizeit f\u00fcr die arbeitende Bev\u00f6lkerung, war in Deutschland neu. Wir waren hier Vorreiter! Tausende Kinder haben hier in 100 Jahren ihre Ferien verbracht.<\/p>\n\n\n\n<p>Das Rheinstrandbad zu schlie\u00dfen, w\u00e4re traurig. Deshalb waren wir Gr\u00fcnen und alle Fraktionen froh, dass sich ein F\u00f6rderverein bildete. Aber jetzt kommt die andere Seite, die zu einer langen Diskussion in unserer Fraktion f\u00fchrte. (Ich bin immer noch m\u00fcde von dieser langen Diskussion): Rappenw\u00f6rt ist das mit Abstand teuerste Schwimmbad und hat fallende Besucher*innenzahlen, seit Jahren. Der F\u00f6rderverein kann bislang ehrenamtliches Personal in H\u00f6he von 60.000 \u20ac bereitstellen. Wie sich der F\u00f6rderverein weiterentwickeln wird, das wird sich erst \u00fcber den Sommer zeigen. Die Summe ist f\u00fcr den jungen F\u00f6rderverein eine Leistung, aber ein Bruchteil der Kosten. Angesichts der Haushaltslage ist es wert, abzuw\u00e4gen, ob sich insgesamt 750.000 \u20ac f\u00fcr dieses Jahr rechtfertigen lassen. L\u00e4sst es sich rechtfertigen, dass 250.000 \u20ac &#8211; z.B. als Investitionsm\u00f6glichkeit bei anderen B\u00e4dern &#8211; fehlt oder z.B. unter Umst\u00e4nden die Tickets stark erh\u00f6ht werden m\u00fcssten? Obwohl unsicher ist, ob das Bad n\u00e4chstes Jahr wieder ge\u00f6ffnet werden kann?<\/p>\n\n\n\n<p>Ist es richtig, den F\u00f6rderverein f\u00fcr seine ehrenamtlichen Aufgaben zu schulen (eine zus\u00e4tzliche Arbeit f\u00fcr die B\u00e4derbetriebe) und die Ehrenamtlichen evtl. bitter zu entt\u00e4uschen, falls Unterst\u00fctzung und Gelder f\u00fcr 2027 evtl. nicht reichen? Wie wird sich der Verein in seiner Kommunikation weiterentwickeln, zu viel negative Aussagen mussten Herr Sternnagel und die Verwaltung schon aushalten, als wenn es einem B\u00e4derchef Freude machen w\u00fcrde, ein Bad zu schlie\u00dfen! Widersinnig \u2013 das Gegenteil ist erst Recht bei einem solch engagierten B\u00e4derchef der Fall.<\/p>\n\n\n\n<p>Wir haben uns entschlossen, zuzustimmen, dass Rappenw\u00f6rt dieses Jahr mittels zus\u00e4tzlicher 250.000 \u20ac ge\u00f6ffnet wird. Denn noch ist die Hoffnung da, dass deutlich mehr tatkr\u00e4ftige Ehrenamtliche, auch junge Leute und Familien, den Verein in seinen Aufgaben unterst\u00fctzen und zu einem ehrenamtlichen H\u00f6henflug f\u00fchren. Denn genau das braucht das riesige, wundersch\u00f6ne Gel\u00e4nde! Der H\u00f6henflug wird immens bef\u00f6rdert, wenn beide Seiten freundlich und respektvoll miteinander umgehen.<\/p>\n\n\n\n<p>Vielen Dank!<\/p>\n","protected":false},"excerpt":{"rendered":"<p>Rede von Verena Anlauf in der Gemeinderatssitzung 28.04.2026 zu TOP 9 Herr Oberb\u00fcrgermeister, liebe Kolleginnen und Kollegen, liebe B\u00fcrger*innen, Das Rheinstrandbad Rappenw\u00f6rt ist einzigartig. Es ist ein Kleinod weit im [&hellip;]<\/p>\n","protected":false},"author":-1,"featured_media":19421,"comment_status":"closed","ping_status":"closed","sticky":false,"template":"","format":"standard","meta":{"footnotes":"","_links_to":"","_links_to_target":""},"categories":[10],"tags":[53,52],"class_list":["post-19420","post","type-post","status-publish","format-standard","has-post-thumbnail","hentry","category-reden","tag-schwimmbaeder","tag-sport"],"_links":{"self":[{"href":"https:\/\/web4.karlsruhe.de\/Gemeinderat\/Gruene\/wp-json\/wp\/v2\/posts\/19420","targetHints":{"allow":["GET"]}}],"collection":[{"href":"https:\/\/web4.karlsruhe.de\/Gemeinderat\/Gruene\/wp-json\/wp\/v2\/posts"}],"about":[{"href":"https:\/\/web4.karlsruhe.de\/Gemeinderat\/Gruene\/wp-json\/wp\/v2\/types\/post"}],"author":[{"embeddable":true,"href":"https:\/\/web4.karlsruhe.de\/Gemeinderat\/Gruene\/wp-json\/wp\/v2\/users\/4"}],"replies":[{"embeddable":true,"href":"https:\/\/web4.karlsruhe.de\/Gemeinderat\/Gruene\/wp-json\/wp\/v2\/comments?post=19420"}],"version-history":[{"count":3,"href":"https:\/\/web4.karlsruhe.de\/Gemeinderat\/Gruene\/wp-json\/wp\/v2\/posts\/19420\/revisions"}],"predecessor-version":[{"id":19425,"href":"https:\/\/web4.karlsruhe.de\/Gemeinderat\/Gruene\/wp-json\/wp\/v2\/posts\/19420\/revisions\/19425"}],"wp:featuredmedia":[{"embeddable":true,"href":"https:\/\/web4.karlsruhe.de\/Gemeinderat\/Gruene\/wp-json\/wp\/v2\/media\/19421"}],"wp:attachment":[{"href":"https:\/\/web4.karlsruhe.de\/Gemeinderat\/Gruene\/wp-json\/wp\/v2\/media?parent=19420"}],"wp:term":[{"taxonomy":"category","embeddable":true,"href":"https:\/\/web4.karlsruhe.de\/Gemeinderat\/Gruene\/wp-json\/wp\/v2\/categories?post=19420"},{"taxonomy":"post_tag","embeddable":true,"href":"https:\/\/web4.karlsruhe.de\/Gemeinderat\/Gruene\/wp-json\/wp\/v2\/tags?post=19420"}],"curies":[{"name":"wp","href":"https:\/\/api.w.org\/{rel}","templated":true}]}}