{"id":19417,"date":"2026-04-27T11:40:53","date_gmt":"2026-04-27T09:40:53","guid":{"rendered":"https:\/\/web4.karlsruhe.de\/Gemeinderat\/Gruene\/?p=19417"},"modified":"2026-04-27T11:40:54","modified_gmt":"2026-04-27T09:40:54","slug":"beschleunigte-antriebswende-an-staedtischen-arbeitsplaetzen-gruene-beantragen-modellversuch-fuer-e%e2%80%91ladeinfrastruktur","status":"publish","type":"post","link":"https:\/\/web4.karlsruhe.de\/Gemeinderat\/Gruene\/2026\/04\/beschleunigte-antriebswende-an-staedtischen-arbeitsplaetzen-gruene-beantragen-modellversuch-fuer-e%e2%80%91ladeinfrastruktur\/","title":{"rendered":"Beschleunigte Antriebswende an st\u00e4dtischen Arbeitspl\u00e4tzen: Gr\u00fcne beantragen Modellversuch f\u00fcr E\u2011Ladeinfrastruktur"},"content":{"rendered":"\n<p>Die Gr\u00fcne Gemeinderatsfraktion will erreichen, dass st\u00e4dtische Mitarbeitende am Arbeitsplatz eine attraktive M\u00f6glichkeit haben, ihr E-Fahrzeug zu laden. Um hierf\u00fcr Erfahrungen zu sammeln, <a href=\"https:\/\/web4.karlsruhe.de\/Gemeinderat\/Gruene\/2026\/04\/antriebswende-beschleunigen-e-ladeinfrastruktur-fuer-staedtische-mitarbeitende\/\" data-type=\"post\" data-id=\"19415\">beantragt <\/a>sie einen Modellversuch f\u00fcr E\u2011Ladeinfrastruktur auf dem Parkplatz einer Schule oder einer anderen kommunalen Einrichtung.<\/p>\n\n\n\n<p>\u201eDie Antriebswende ist ein zentraler Baustein der kommunalen Klimaschutzstrategie. Durch das Laden am Arbeitsplatz kann tags\u00fcber \u00fcbersch\u00fcssiger Solarstrom effizient genutzt werden, da die Fahrzeuge dort regelm\u00e4\u00dfig lange Standzeiten haben,\u201c so Christian Klinkhardt, Sprecher der Fraktion f\u00fcr Mobilit\u00e4t. \u201eDie aktuelle weltpolitische Lage zeigt erneut, wie verwundbar Deutschland durch seine Abh\u00e4ngigkeit von internationalen \u00d6l- und Energiem\u00e4rkten bleibt. Wer den Umstieg auf das E-Auto erleichtert, st\u00e4rkt deshalb nicht nur den Klimaschutz, sondern auch die Unabh\u00e4ngigkeit von fossilen Importen und Preisspr\u00fcngen an den Weltm\u00e4rkten\u201c, erg\u00e4nzt Dr. Sonja Klingert, Sprecherin der Fraktion f\u00fcr Energie. \u201eUnser Vorschlag st\u00e4rkt den heimischen Markt f\u00fcr Elektromobilit\u00e4t und unterst\u00fctzt deutsche Hersteller, die im internationalen Wettbewerb um Zukunftstechnologien f\u00fchrend bleiben wollen.\u201c<\/p>\n\n\n\n<p>Die Gr\u00fcnen schlagen vor, dass die Ladeinfrastruktur durch die 100%ige st\u00e4dtische Tochter F\u00e4cher GmbH oder \u00fcber ein Betreibermodell mit anderen Anbieter*innen zur Verf\u00fcgung gestellt wird. Durch solche Modelle wird den Kapitalbedarf minimiert und die Stromkosten f\u00fcr die Besch\u00e4ftigten bleiben niedrig.<\/p>\n\n\n\n<p>\u201eEine zuverl\u00e4ssige Ladeinfrastruktur am Arbeitsplatz ist ein entscheidender Hebel, um die Elektromobilit\u00e4t f\u00fcr die breite Bev\u00f6lkerung attraktiv zu machen und gleichzeitig die Klimaziele der Stadt zu erreichen\u201c, erkl\u00e4ren die Gr\u00fcnen abschlie\u00dfend. \u201eSo bleibt Karlsruhe auf Dauer lebenswert.\u201c<\/p>\n","protected":false},"excerpt":{"rendered":"<p>Die Gr\u00fcne Gemeinderatsfraktion will erreichen, dass st\u00e4dtische Mitarbeitende am Arbeitsplatz eine attraktive M\u00f6glichkeit haben, ihr E-Fahrzeug zu laden. Um hierf\u00fcr Erfahrungen zu sammeln, beantragt sie einen Modellversuch f\u00fcr E\u2011Ladeinfrastruktur auf [&hellip;]<\/p>\n","protected":false},"author":-1,"featured_media":17207,"comment_status":"closed","ping_status":"closed","sticky":false,"template":"","format":"standard","meta":{"footnotes":"","_links_to":"","_links_to_target":""},"categories":[12],"tags":[22,35,42,60],"class_list":["post-19417","post","type-post","status-publish","format-standard","has-post-thumbnail","hentry","category-pressemeldungen","tag-energie","tag-klimaschutz","tag-mobilitaet","tag-verwaltung-und-personal"],"_links":{"self":[{"href":"https:\/\/web4.karlsruhe.de\/Gemeinderat\/Gruene\/wp-json\/wp\/v2\/posts\/19417","targetHints":{"allow":["GET"]}}],"collection":[{"href":"https:\/\/web4.karlsruhe.de\/Gemeinderat\/Gruene\/wp-json\/wp\/v2\/posts"}],"about":[{"href":"https:\/\/web4.karlsruhe.de\/Gemeinderat\/Gruene\/wp-json\/wp\/v2\/types\/post"}],"author":[{"embeddable":true,"href":"https:\/\/web4.karlsruhe.de\/Gemeinderat\/Gruene\/wp-json\/wp\/v2\/users\/5"}],"replies":[{"embeddable":true,"href":"https:\/\/web4.karlsruhe.de\/Gemeinderat\/Gruene\/wp-json\/wp\/v2\/comments?post=19417"}],"version-history":[{"count":1,"href":"https:\/\/web4.karlsruhe.de\/Gemeinderat\/Gruene\/wp-json\/wp\/v2\/posts\/19417\/revisions"}],"predecessor-version":[{"id":19418,"href":"https:\/\/web4.karlsruhe.de\/Gemeinderat\/Gruene\/wp-json\/wp\/v2\/posts\/19417\/revisions\/19418"}],"wp:featuredmedia":[{"embeddable":true,"href":"https:\/\/web4.karlsruhe.de\/Gemeinderat\/Gruene\/wp-json\/wp\/v2\/media\/17207"}],"wp:attachment":[{"href":"https:\/\/web4.karlsruhe.de\/Gemeinderat\/Gruene\/wp-json\/wp\/v2\/media?parent=19417"}],"wp:term":[{"taxonomy":"category","embeddable":true,"href":"https:\/\/web4.karlsruhe.de\/Gemeinderat\/Gruene\/wp-json\/wp\/v2\/categories?post=19417"},{"taxonomy":"post_tag","embeddable":true,"href":"https:\/\/web4.karlsruhe.de\/Gemeinderat\/Gruene\/wp-json\/wp\/v2\/tags?post=19417"}],"curies":[{"name":"wp","href":"https:\/\/api.w.org\/{rel}","templated":true}]}}