{"id":19160,"date":"2026-03-12T15:24:24","date_gmt":"2026-03-12T14:24:24","guid":{"rendered":"https:\/\/web4.karlsruhe.de\/Gemeinderat\/Gruene\/?p=19160"},"modified":"2026-03-19T19:03:01","modified_gmt":"2026-03-19T18:03:01","slug":"fehlerhafte-anzeigetafeln-in-karlsruhe-interfraktionelle-forderung-aus-dem-gemeinderat-fuer-mehr-transparenz-und-klare-hinweise-fuer-fahrgaeste","status":"publish","type":"post","link":"https:\/\/web4.karlsruhe.de\/Gemeinderat\/Gruene\/2026\/03\/fehlerhafte-anzeigetafeln-in-karlsruhe-interfraktionelle-forderung-aus-dem-gemeinderat-fuer-mehr-transparenz-und-klare-hinweise-fuer-fahrgaeste\/","title":{"rendered":"Fehlerhafte Anzeigetafeln in Karlsruhe \u2013 interfraktionelle Forderung aus dem Gemeinderat f\u00fcr mehr Transparenz und klare Hinweise f\u00fcr Fahrg\u00e4ste"},"content":{"rendered":"\n<p>Seit November 2025 fallen die station\u00e4ren Fahrgastinformationsanzeigen an Karlsruher Haltestellen immer wieder aus oder zeigen falsche Informationen an. Dies f\u00fchrt bei den Fahrg\u00e4sten, die sich am Bahnsteig auf korrekte Echtzeitinformationen verlassen, zu \u00c4rger und Verunsicherung. Auch die Karlsruher Gemeinderatsfraktionen sind mit diesem Zustand sehr unzufrieden.<\/p>\n\n\n\n<p>Die Fraktionen begr\u00fc\u00dfen ausdr\u00fccklich, dass die Leitstellensoftware umgestellt wurde. Dies ist der Beginn eines langen Weges, um die Fahrgastinformation grunds\u00e4tzlich zu modernisieren und k\u00fcnftig stabiler aufzustellen.<\/p>\n\n\n\n<p>Das weiterhin hohe Beschwerdeaufkommen und die Aufmerksamkeit f\u00fcr ein studentisches Projekt, bei dem als Reaktion auf die Situation eine eigene Abfahrts-Website auf Basis \u00f6ffentlich verf\u00fcgbarer Daten entwickelt wurde, zeigen, wie ernst die Lage ist. Den Gemeinderatsfraktionen ist wichtig, dass die Verkehrsunternehmen transparenter mit der Situation umgehen und proaktiver sowie nachvollziehbar erkl\u00e4ren, welche verschiedenen Probleme derzeit zusammenkommen, wie an der L\u00f6sung gearbeitet wird und woran es weiterhin h\u00e4ngt.<\/p>\n\n\n\n<p>Aus Sicht der Fraktionen m\u00fcssen diese Informationen \u00fcber Kan\u00e4le ausgespielt werden, mit denen Fahrg\u00e4ste tats\u00e4chlich erreicht werden, wie zum Beispiel die Anzeigetafeln und Social Media. Gerade im St\u00f6rungsfall sollten Informationen direkt an den Haltestellen verst\u00e4ndlich sichtbar sein. Nur so kann um Verst\u00e4ndnis geworben werden, und nur so wird verhindert, dass das Bild des \u00d6PNV in der \u00d6ffentlichkeit Schaden nimmt.<\/p>\n\n\n\n<p>Die Fraktionen von GR\u00dcNEN, CDU, SPD, KAL, Volt und DIE LINKE<a> <\/a>haben sich mit diesem Anliegen an die Karlsruher Verkehrsunternehmen gewandt und werden das Thema weiterhin eng begleiten.<\/p>\n\n\n\n<p><\/p>\n","protected":false},"excerpt":{"rendered":"<p>Seit November 2025 fallen die station\u00e4ren Fahrgastinformationsanzeigen an Karlsruher Haltestellen immer wieder aus oder zeigen falsche Informationen an. Dies f\u00fchrt bei den Fahrg\u00e4sten, die sich am Bahnsteig auf korrekte Echtzeitinformationen [&hellip;]<\/p>\n","protected":false},"author":-1,"featured_media":19163,"comment_status":"closed","ping_status":"closed","sticky":false,"template":"","format":"standard","meta":{"footnotes":"","_links_to":"","_links_to_target":""},"categories":[12],"tags":[46,42],"class_list":["post-19160","post","type-post","status-publish","format-standard","has-post-thumbnail","hentry","category-pressemeldungen","tag-bus-und-bahn","tag-mobilitaet"],"_links":{"self":[{"href":"https:\/\/web4.karlsruhe.de\/Gemeinderat\/Gruene\/wp-json\/wp\/v2\/posts\/19160","targetHints":{"allow":["GET"]}}],"collection":[{"href":"https:\/\/web4.karlsruhe.de\/Gemeinderat\/Gruene\/wp-json\/wp\/v2\/posts"}],"about":[{"href":"https:\/\/web4.karlsruhe.de\/Gemeinderat\/Gruene\/wp-json\/wp\/v2\/types\/post"}],"author":[{"embeddable":true,"href":"https:\/\/web4.karlsruhe.de\/Gemeinderat\/Gruene\/wp-json\/wp\/v2\/users\/5"}],"replies":[{"embeddable":true,"href":"https:\/\/web4.karlsruhe.de\/Gemeinderat\/Gruene\/wp-json\/wp\/v2\/comments?post=19160"}],"version-history":[{"count":2,"href":"https:\/\/web4.karlsruhe.de\/Gemeinderat\/Gruene\/wp-json\/wp\/v2\/posts\/19160\/revisions"}],"predecessor-version":[{"id":19162,"href":"https:\/\/web4.karlsruhe.de\/Gemeinderat\/Gruene\/wp-json\/wp\/v2\/posts\/19160\/revisions\/19162"}],"wp:featuredmedia":[{"embeddable":true,"href":"https:\/\/web4.karlsruhe.de\/Gemeinderat\/Gruene\/wp-json\/wp\/v2\/media\/19163"}],"wp:attachment":[{"href":"https:\/\/web4.karlsruhe.de\/Gemeinderat\/Gruene\/wp-json\/wp\/v2\/media?parent=19160"}],"wp:term":[{"taxonomy":"category","embeddable":true,"href":"https:\/\/web4.karlsruhe.de\/Gemeinderat\/Gruene\/wp-json\/wp\/v2\/categories?post=19160"},{"taxonomy":"post_tag","embeddable":true,"href":"https:\/\/web4.karlsruhe.de\/Gemeinderat\/Gruene\/wp-json\/wp\/v2\/tags?post=19160"}],"curies":[{"name":"wp","href":"https:\/\/api.w.org\/{rel}","templated":true}]}}