{"id":19140,"date":"2026-03-11T13:00:58","date_gmt":"2026-03-11T12:00:58","guid":{"rendered":"https:\/\/web4.karlsruhe.de\/Gemeinderat\/Gruene\/?p=19140"},"modified":"2026-04-16T12:56:21","modified_gmt":"2026-04-16T10:56:21","slug":"verkehrssicherheit-erhoehen-ueberholabstaende-einhalten","status":"publish","type":"post","link":"https:\/\/web4.karlsruhe.de\/Gemeinderat\/Gruene\/2026\/03\/verkehrssicherheit-erhoehen-ueberholabstaende-einhalten\/","title":{"rendered":"Verkehrssicherheit erh\u00f6hen &#8211; \u00dcberholabst\u00e4nde einhalten"},"content":{"rendered":"\n<p><strong>Antrag zur Vorberatung im Fachausschuss<\/strong><\/p>\n\n\n\n<p>Das von der Stadtverwaltung selbst erdachte Schild zu den einzuhaltenden \u00dcberholabst\u00e4nden zwischen Rad und KFZ wird an weiteren relevanten Stellen (insbesondere an Strecken au\u00dferorts) aufgestellt.<\/p>\n\n\n\n<div class=\"wp-block-group is-layout-constrained wp-block-group-is-layout-constrained\"><\/div>\n\n\n\n<p><\/p>\n\n\n\n<p><\/p>\n\n\n\n<p><\/p>\n\n\n\n<figure class=\"wp-block-table\"><table class=\"has-fixed-layout\"><tbody><tr><td><strong>Begr\u00fcndung\/Sachverhalt<\/strong><\/td><\/tr><\/tbody><\/table><\/figure>\n\n\n\n<p>Aus der Bev\u00f6lkerung erreicht die gr\u00fcne Fraktion positives Feedback zum bereits aufgestellten Schild. Es wird tats\u00e4chlich eine Verbesserung der Verkehrssicherheit wahrgenommen.<\/p>\n\n\n\n<p>Wir gehen davon aus, dass der Verwaltung weitere sinnvolle Aufstellorte bekannt sind und beantragen deshalb die zeitnahe Aufstellung weiterer Schilder. Konkret wurden wir aus der Bev\u00f6lkerung auf die K 9653 aufmerksam gemacht, bei der eine entsprechende Beschilderung gew\u00fcnscht wurde. Auch die Stra\u00dfe Im Weiherwald w\u00e4re eine M\u00f6glichkeit.<\/p>\n\n\n\n<p>Unterzeichnet von:<\/p>\n\n\n\n<p>Christian Klinkhardt&nbsp;&nbsp;&nbsp;&nbsp;&nbsp;&nbsp;&nbsp;&nbsp;&nbsp;&nbsp;&nbsp; Ceren Akbaba<br>Dr. Susanne Heynen &nbsp;&nbsp;&nbsp;&nbsp;&nbsp;&nbsp;&nbsp;&nbsp; Aljoscha L\u00f6ffler<\/p>\n\n\n\n\n\n<p>Der Antrag wird am <a href=\"https:\/\/sitzungskalender.karlsruhe.de\/db\/ratsinformation\/termin-10518\" target=\"_blank\" rel=\"noreferrer noopener\">07. Mai 2026 im Planungsausschuss<\/a> aufgerufen und beraten.<\/p>\n","protected":false},"excerpt":{"rendered":"<p>Antrag zur Vorberatung im Fachausschuss Das von der Stadtverwaltung selbst erdachte Schild zu den einzuhaltenden \u00dcberholabst\u00e4nden zwischen Rad und KFZ wird an weiteren relevanten Stellen (insbesondere an Strecken au\u00dferorts) aufgestellt. [&hellip;]<\/p>\n","protected":false},"author":-1,"featured_media":19373,"comment_status":"closed","ping_status":"closed","sticky":false,"template":"","format":"standard","meta":{"footnotes":"","_links_to":"","_links_to_target":""},"categories":[7],"tags":[42,48,101],"class_list":["post-19140","post","type-post","status-publish","format-standard","has-post-thumbnail","hentry","category-antraege","tag-mobilitaet","tag-radverkehr","tag-sicherheit"],"_links":{"self":[{"href":"https:\/\/web4.karlsruhe.de\/Gemeinderat\/Gruene\/wp-json\/wp\/v2\/posts\/19140","targetHints":{"allow":["GET"]}}],"collection":[{"href":"https:\/\/web4.karlsruhe.de\/Gemeinderat\/Gruene\/wp-json\/wp\/v2\/posts"}],"about":[{"href":"https:\/\/web4.karlsruhe.de\/Gemeinderat\/Gruene\/wp-json\/wp\/v2\/types\/post"}],"author":[{"embeddable":true,"href":"https:\/\/web4.karlsruhe.de\/Gemeinderat\/Gruene\/wp-json\/wp\/v2\/users\/6"}],"replies":[{"embeddable":true,"href":"https:\/\/web4.karlsruhe.de\/Gemeinderat\/Gruene\/wp-json\/wp\/v2\/comments?post=19140"}],"version-history":[{"count":10,"href":"https:\/\/web4.karlsruhe.de\/Gemeinderat\/Gruene\/wp-json\/wp\/v2\/posts\/19140\/revisions"}],"predecessor-version":[{"id":19400,"href":"https:\/\/web4.karlsruhe.de\/Gemeinderat\/Gruene\/wp-json\/wp\/v2\/posts\/19140\/revisions\/19400"}],"wp:featuredmedia":[{"embeddable":true,"href":"https:\/\/web4.karlsruhe.de\/Gemeinderat\/Gruene\/wp-json\/wp\/v2\/media\/19373"}],"wp:attachment":[{"href":"https:\/\/web4.karlsruhe.de\/Gemeinderat\/Gruene\/wp-json\/wp\/v2\/media?parent=19140"}],"wp:term":[{"taxonomy":"category","embeddable":true,"href":"https:\/\/web4.karlsruhe.de\/Gemeinderat\/Gruene\/wp-json\/wp\/v2\/categories?post=19140"},{"taxonomy":"post_tag","embeddable":true,"href":"https:\/\/web4.karlsruhe.de\/Gemeinderat\/Gruene\/wp-json\/wp\/v2\/tags?post=19140"}],"curies":[{"name":"wp","href":"https:\/\/api.w.org\/{rel}","templated":true}]}}