{"id":19134,"date":"2026-03-04T14:11:00","date_gmt":"2026-03-04T13:11:00","guid":{"rendered":"https:\/\/web4.karlsruhe.de\/Gemeinderat\/Gruene\/?p=19134"},"modified":"2026-03-19T19:02:45","modified_gmt":"2026-03-19T18:02:45","slug":"gruene-modalfilter-fuer-mehr-verkehrssicherheit-und-lebensqualitaet","status":"publish","type":"post","link":"https:\/\/web4.karlsruhe.de\/Gemeinderat\/Gruene\/2026\/03\/gruene-modalfilter-fuer-mehr-verkehrssicherheit-und-lebensqualitaet\/","title":{"rendered":"Gr\u00fcne: Modalfilter f\u00fcr mehr Verkehrssicherheit und Lebensqualit\u00e4t"},"content":{"rendered":"\n<p>Die Fraktion B\u00dcNDNIS 90\/DIE GR\u00dcNEN im Gemeinderat Karlsruhe <a href=\"https:\/\/web4.karlsruhe.de\/Gemeinderat\/Gruene\/2026\/03\/mehr-modalfilter-fuer-mehr-verkehrssicherheit-und-weniger-durchgangsverkehr\/\" data-type=\"post\" data-id=\"19131\" target=\"_blank\" rel=\"noreferrer noopener\">beantragt<\/a>, dass die Stadtverwaltung im Stadtgebiet weitere Modalfilter einrichtet. \u201eUnd zwar dort, wo es auf der Basis der fachlichen Einsch\u00e4tzung und auf Grundlage des Programms f\u00fcr Aktive Mobilit\u00e4t geboten erscheint. Mittels einfacher Poller kann der Durchgangsverkehr aus Wohnquartieren verlagert werden, die Verkehrssicherheit wird erh\u00f6ht\u201c, f\u00fchrt Christian Klinkhardt, Sprecher f\u00fcr Mobilit\u00e4t der gr\u00fcnen Fraktion, aus.<\/p>\n\n\n\n<p>\u201eSo entstehen Bereiche, in denen der \u00f6ffentliche Raum allen Menschen zur Verf\u00fcgung steht. Das erleichtert zum Beispiel Kindern ihre Wege zur Schule oder in der Freizeit\u201c, erl\u00e4utert Benjamin Bauer, stellvertretender Fraktionsvorsitzender und Mitglied im Schul- und Jugendhilfeausschuss.<\/p>\n\n\n\n<p>\u201eWie effektiv solche Ma\u00dfnahmen wirken, l\u00e4sst sich am neu eingerichteten Modalfilter an der Kreuzung Sophien- und Lessingstra\u00dfe beobachten. Der Kfz-Verkehr entlang der Fahrradhauptroute ist jetzt deutlich verringert und die Aufenthaltsqualit\u00e4t nun viel h\u00f6her. Auch in der Humboldtstra\u00dfe, am Bahnhofsvorplatz, im Zirkel und in der Kreuzstra\u00dfe bew\u00e4hren sich solche Ma\u00dfnahmen seit vielen Jahren\u201c, erg\u00e4nzt Christian Klinkhardt.<\/p>\n\n\n\n<p>Die Fraktion schl\u00e4gt nun vor, dass diese positiven Erfahrungen f\u00fcr weitere Modalfilter genutzt werden. Auch Hinweise und Anregungen aus der B\u00fcrgerschaft k\u00f6nnen in die Planung einflie\u00dfen. Ein solches Vorgehen w\u00fcrde die Verwaltung entlasten. Wenn sich ein Poller nicht bew\u00e4hren sollte, k\u00f6nne er ohne viel Aufwand und ohne hohe Kosten wieder entfernt werden.<\/p>\n\n\n\n<p>\u201eMit solch einfachen Mitteln verbessern wir die Verkehrssicherheit und die Lebensqualit\u00e4t in Karlsruhe deutlich\u201c, so die Gr\u00fcnen abschlie\u00dfend.<\/p>\n","protected":false},"excerpt":{"rendered":"<p>Die Fraktion B\u00dcNDNIS 90\/DIE GR\u00dcNEN im Gemeinderat Karlsruhe beantragt, dass die Stadtverwaltung im Stadtgebiet weitere Modalfilter einrichtet. \u201eUnd zwar dort, wo es auf der Basis der fachlichen Einsch\u00e4tzung und auf [&hellip;]<\/p>\n","protected":false},"author":-1,"featured_media":19132,"comment_status":"closed","ping_status":"closed","sticky":false,"template":"","format":"standard","meta":{"footnotes":"","_links_to":"","_links_to_target":""},"categories":[12],"tags":[34,42,48,55],"class_list":["post-19134","post","type-post","status-publish","format-standard","has-post-thumbnail","hentry","category-pressemeldungen","tag-kinder-jugend","tag-mobilitaet","tag-radverkehr","tag-stadtentwicklung"],"_links":{"self":[{"href":"https:\/\/web4.karlsruhe.de\/Gemeinderat\/Gruene\/wp-json\/wp\/v2\/posts\/19134","targetHints":{"allow":["GET"]}}],"collection":[{"href":"https:\/\/web4.karlsruhe.de\/Gemeinderat\/Gruene\/wp-json\/wp\/v2\/posts"}],"about":[{"href":"https:\/\/web4.karlsruhe.de\/Gemeinderat\/Gruene\/wp-json\/wp\/v2\/types\/post"}],"author":[{"embeddable":true,"href":"https:\/\/web4.karlsruhe.de\/Gemeinderat\/Gruene\/wp-json\/wp\/v2\/users\/5"}],"replies":[{"embeddable":true,"href":"https:\/\/web4.karlsruhe.de\/Gemeinderat\/Gruene\/wp-json\/wp\/v2\/comments?post=19134"}],"version-history":[{"count":1,"href":"https:\/\/web4.karlsruhe.de\/Gemeinderat\/Gruene\/wp-json\/wp\/v2\/posts\/19134\/revisions"}],"predecessor-version":[{"id":19135,"href":"https:\/\/web4.karlsruhe.de\/Gemeinderat\/Gruene\/wp-json\/wp\/v2\/posts\/19134\/revisions\/19135"}],"wp:featuredmedia":[{"embeddable":true,"href":"https:\/\/web4.karlsruhe.de\/Gemeinderat\/Gruene\/wp-json\/wp\/v2\/media\/19132"}],"wp:attachment":[{"href":"https:\/\/web4.karlsruhe.de\/Gemeinderat\/Gruene\/wp-json\/wp\/v2\/media?parent=19134"}],"wp:term":[{"taxonomy":"category","embeddable":true,"href":"https:\/\/web4.karlsruhe.de\/Gemeinderat\/Gruene\/wp-json\/wp\/v2\/categories?post=19134"},{"taxonomy":"post_tag","embeddable":true,"href":"https:\/\/web4.karlsruhe.de\/Gemeinderat\/Gruene\/wp-json\/wp\/v2\/tags?post=19134"}],"curies":[{"name":"wp","href":"https:\/\/api.w.org\/{rel}","templated":true}]}}