{"id":19123,"date":"2026-02-27T12:08:39","date_gmt":"2026-02-27T11:08:39","guid":{"rendered":"https:\/\/web4.karlsruhe.de\/Gemeinderat\/Gruene\/?p=19123"},"modified":"2026-02-27T12:08:40","modified_gmt":"2026-02-27T11:08:40","slug":"gruen-wirkt-wohnpartnerschaften-bieten-soziale-unterstuetzung-und-schaffen-guenstigen-wohnraum","status":"publish","type":"post","link":"https:\/\/web4.karlsruhe.de\/Gemeinderat\/Gruene\/2026\/02\/gruen-wirkt-wohnpartnerschaften-bieten-soziale-unterstuetzung-und-schaffen-guenstigen-wohnraum\/","title":{"rendered":"GR\u00dcN wirkt: Wohnpartnerschaften bieten soziale Unterst\u00fctzung &#8211; und schaffen g\u00fcnstigen Wohnraum"},"content":{"rendered":"\n<p>Die gr\u00fcne Gemeinderatsfraktion gratuliert den Parit\u00e4tischen Sozialdiensten f\u00fcr die Weiterentwicklung des Projektes Wohnen f\u00fcr Hilfe zu \u201eWohnpartnerschaften f\u00fcr alle\u201c.<\/p>\n\n\n\n<p>Inspiriert von einem \u00e4hnlichen Projekt in Freiburg stellte die Fraktion GR\u00dcNE Anfang 2025 den <a href=\"https:\/\/web4.karlsruhe.de\/Gemeinderat\/Gruene\/2025\/01\/angebot-wohnen-fuer-hilfe-ausbauen\/\">Antrag<\/a>, das bereits seit 2010 bestehende Projekt Wohnen f\u00fcr Hilfe um neue Zielgruppen zu erweitern. In Freiburg k\u00f6nnen auf diesem Weg pro Jahr \u00fcber 100 Wohnpl\u00e4tze neu geschaffen werden.<\/p>\n\n\n\n<p>Verena Anlauf, gr\u00fcne Sprecherin f\u00fcr Sozial- und Wohnungspolitik erkl\u00e4rt: \u201eViele Studierende, aber auch Auszubildende oder Absolvent*innen eines Freiwilligen Sozialen oder \u00d6kologischen Jahres suchen g\u00fcnstigen Wohnraum. Im Rahmen der Wohnpartnerschaften unterst\u00fctzen sie \u00e4ltere Menschen, Menschen mit Behinderungen oder Familien in einem festgelegten Umfang und erhalten daf\u00fcr einen Nachlass auf ihre Miete. Nicht selten wird daf\u00fcr Wohnraum angeboten, der bisher leer stand.\u201c<\/p>\n\n\n\n<p>Organisiert wird dies in Karlsruhe durch die Parit\u00e4tischen Sozialdienste; die f\u00fcr das Projekt Stiftungsmittel gewinnen konnten. Die Erfahrung zeigt, dass nur in den allerwenigsten F\u00e4llen eine solche Vermittlung nicht passt. Dann kann ein Mietverh\u00e4ltnis unkompliziert beendet werden.<\/p>\n\n\n\n<p>Aljoscha L\u00f6ffler, Fraktionsvorsitzender der Gr\u00fcnen betont zum Abschluss: \u201eZwei wichtige wohnungspolitische Ziele werden erf\u00fcllt: Leer stehender Wohnraum wird wieder genutzt und Menschen k\u00f6nnen in ihrem gewohnten Umfeld bleiben. Alle Beteiligten profitieren und bereichern sich gegenseitig. So tragen wir zu einer lebenswerten Stadt f\u00fcr alle bei.\u201c<\/p>\n","protected":false},"excerpt":{"rendered":"<p>Die gr\u00fcne Gemeinderatsfraktion gratuliert den Parit\u00e4tischen Sozialdiensten f\u00fcr die Weiterentwicklung des Projektes Wohnen f\u00fcr Hilfe zu \u201eWohnpartnerschaften f\u00fcr alle\u201c. Inspiriert von einem \u00e4hnlichen Projekt in Freiburg stellte die Fraktion GR\u00dcNE [&hellip;]<\/p>\n","protected":false},"author":-1,"featured_media":18142,"comment_status":"closed","ping_status":"closed","sticky":false,"template":"","format":"standard","meta":{"footnotes":"","_links_to":"","_links_to_target":""},"categories":[12],"tags":[40,49,51,63],"class_list":["post-19123","post","type-post","status-publish","format-standard","has-post-thumbnail","hentry","category-pressemeldungen","tag-menschen-mit-behinderung-inklusion","tag-seniorinnen","tag-soziales","tag-wohnen"],"_links":{"self":[{"href":"https:\/\/web4.karlsruhe.de\/Gemeinderat\/Gruene\/wp-json\/wp\/v2\/posts\/19123","targetHints":{"allow":["GET"]}}],"collection":[{"href":"https:\/\/web4.karlsruhe.de\/Gemeinderat\/Gruene\/wp-json\/wp\/v2\/posts"}],"about":[{"href":"https:\/\/web4.karlsruhe.de\/Gemeinderat\/Gruene\/wp-json\/wp\/v2\/types\/post"}],"author":[{"embeddable":true,"href":"https:\/\/web4.karlsruhe.de\/Gemeinderat\/Gruene\/wp-json\/wp\/v2\/users\/5"}],"replies":[{"embeddable":true,"href":"https:\/\/web4.karlsruhe.de\/Gemeinderat\/Gruene\/wp-json\/wp\/v2\/comments?post=19123"}],"version-history":[{"count":1,"href":"https:\/\/web4.karlsruhe.de\/Gemeinderat\/Gruene\/wp-json\/wp\/v2\/posts\/19123\/revisions"}],"predecessor-version":[{"id":19124,"href":"https:\/\/web4.karlsruhe.de\/Gemeinderat\/Gruene\/wp-json\/wp\/v2\/posts\/19123\/revisions\/19124"}],"wp:featuredmedia":[{"embeddable":true,"href":"https:\/\/web4.karlsruhe.de\/Gemeinderat\/Gruene\/wp-json\/wp\/v2\/media\/18142"}],"wp:attachment":[{"href":"https:\/\/web4.karlsruhe.de\/Gemeinderat\/Gruene\/wp-json\/wp\/v2\/media?parent=19123"}],"wp:term":[{"taxonomy":"category","embeddable":true,"href":"https:\/\/web4.karlsruhe.de\/Gemeinderat\/Gruene\/wp-json\/wp\/v2\/categories?post=19123"},{"taxonomy":"post_tag","embeddable":true,"href":"https:\/\/web4.karlsruhe.de\/Gemeinderat\/Gruene\/wp-json\/wp\/v2\/tags?post=19123"}],"curies":[{"name":"wp","href":"https:\/\/api.w.org\/{rel}","templated":true}]}}