{"id":19091,"date":"2026-02-20T10:51:29","date_gmt":"2026-02-20T09:51:29","guid":{"rendered":"https:\/\/web4.karlsruhe.de\/Gemeinderat\/Gruene\/?p=19091"},"modified":"2026-02-20T10:52:52","modified_gmt":"2026-02-20T09:52:52","slug":"wir-befuerworten-klarere-regelungen-fuer-e-scooter-der-oeffentliche-raum-gehoert-allen","status":"publish","type":"post","link":"https:\/\/web4.karlsruhe.de\/Gemeinderat\/Gruene\/2026\/02\/wir-befuerworten-klarere-regelungen-fuer-e-scooter-der-oeffentliche-raum-gehoert-allen\/","title":{"rendered":"Wir bef\u00fcrworten klarere Regelungen f\u00fcr E-Scooter                                          Der \u00f6ffentliche Raum geh\u00f6rt allen!"},"content":{"rendered":"\n<p> <\/p>\n\n\n\n<p><\/p>\n\n\n\n<p>Die gr\u00fcne Gemeinderatsfraktion begr\u00fc\u00dft, dass die Stadt Ende vorigen Jahres eine Sondernutzungssatzung f\u00fcr E-Scooter auf den Weg gebracht hat. Damit wird ein wichtiger Schritt hin zu mehr Ordnung und Sicherheit insbesondere f\u00fcr Fu\u00dfg\u00e4nger*innen und Menschen mit Behinderung gemacht.<\/p>\n\n\n\n<p>Mit der neuen Satzung erh\u00e4lt die Stadt endlich ein wirksames Instrument, um klare Regeln f\u00fcr den Einsatz von E-Scootern festzulegen. Insbesondere st\u00e4rkt sie die Position der Gemeinde in den Verhandlungen mit den Anbieter*innen. K\u00fcnftig kann verbindlich geregelt werden, wie viele E-Scooter zugelassen werden und wo diese eingesetzt werden d\u00fcrfen.<\/p>\n\n\n\n<p>\u201eDer \u00f6ffentliche Raum geh\u00f6rt allen \u2013 und genau deshalb brauchen wir klare Regeln f\u00fcr neue Mobilit\u00e4tsangebote\u201c, erkl\u00e4rt Aljoscha L\u00f6ffler, Fraktionsvorsitzender der Gr\u00fcnen Gemeinderatsfraktion. \u201eDie Sondernutzungssatzung erm\u00f6glicht es uns, gegen\u00fcber den Betreibern verbindliche Vorgaben zu machen und wirksamer gegen achtloses und gef\u00e4hrliches Abstellen vorzugehen.\u201c<\/p>\n\n\n\n<p>Karlsruhe kann k\u00fcnftig gezielter eingreifen, wenn E-Scooter falsch oder behindernd abgestellt werden. Das erh\u00f6ht die Sicherheit f\u00fcr Fu\u00dfg\u00e4nger*innen, insbesondere f\u00fcr mobilit\u00e4tseingeschr\u00e4nkte Menschen, Kinder und \u00e4ltere Personen.<\/p>\n\n\n\n<p>\u201eUns ist wichtig, dass wir innovative Mobilit\u00e4t und eine gute Aufenthaltsqualit\u00e4t im \u00f6ffentlichen Raum zusammen denken\u201c, betont Ceren Akbaba, verkehrspolitische Sprecherin der Gr\u00fcnen Fraktion. \u201eMit der Satzung schaffen wir eine verl\u00e4ssliche Grundlage f\u00fcr einen verantwortungsvollen Umgang mit E-Scootern.\u201c<\/p>\n\n\n\n<p>Hintergrund:<\/p>\n\n\n\n<p>Im Oktober 2024 hatten die Gr\u00fcnen <a href=\"https:\/\/web4.karlsruhe.de\/Gemeinderat\/Gruene\/2024\/10\/weiteres-vorgehen-e-scooter\/\">beantragt, dass die Nutzung von E-Scootern in Karlsruhe als Sondernutzung geregelt wird<\/a>.<br>Dies wurde im Rahmen der Haushaltsberatungen durch den Gemeinderat <a href=\"https:\/\/sitzungskalender.karlsruhe.de\/db\/ratsinformation\/termin-10439#top77\">beschlossen.<\/a><\/p>\n","protected":false},"excerpt":{"rendered":"<p>Die gr\u00fcne Gemeinderatsfraktion begr\u00fc\u00dft, dass die Stadt Ende vorigen Jahres eine Sondernutzungssatzung f\u00fcr E-Scooter auf den Weg gebracht hat. Damit wird ein wichtiger Schritt hin zu mehr Ordnung und Sicherheit [&hellip;]<\/p>\n","protected":false},"author":-1,"featured_media":17216,"comment_status":"closed","ping_status":"closed","sticky":false,"template":"","format":"standard","meta":{"footnotes":"","_links_to":"","_links_to_target":""},"categories":[12],"tags":[50,51],"class_list":["post-19091","post","type-post","status-publish","format-standard","has-post-thumbnail","hentry","category-pressemeldungen","tag-sicherheit-und-ordnung","tag-soziales"],"_links":{"self":[{"href":"https:\/\/web4.karlsruhe.de\/Gemeinderat\/Gruene\/wp-json\/wp\/v2\/posts\/19091","targetHints":{"allow":["GET"]}}],"collection":[{"href":"https:\/\/web4.karlsruhe.de\/Gemeinderat\/Gruene\/wp-json\/wp\/v2\/posts"}],"about":[{"href":"https:\/\/web4.karlsruhe.de\/Gemeinderat\/Gruene\/wp-json\/wp\/v2\/types\/post"}],"author":[{"embeddable":true,"href":"https:\/\/web4.karlsruhe.de\/Gemeinderat\/Gruene\/wp-json\/wp\/v2\/users\/6"}],"replies":[{"embeddable":true,"href":"https:\/\/web4.karlsruhe.de\/Gemeinderat\/Gruene\/wp-json\/wp\/v2\/comments?post=19091"}],"version-history":[{"count":1,"href":"https:\/\/web4.karlsruhe.de\/Gemeinderat\/Gruene\/wp-json\/wp\/v2\/posts\/19091\/revisions"}],"predecessor-version":[{"id":19092,"href":"https:\/\/web4.karlsruhe.de\/Gemeinderat\/Gruene\/wp-json\/wp\/v2\/posts\/19091\/revisions\/19092"}],"wp:featuredmedia":[{"embeddable":true,"href":"https:\/\/web4.karlsruhe.de\/Gemeinderat\/Gruene\/wp-json\/wp\/v2\/media\/17216"}],"wp:attachment":[{"href":"https:\/\/web4.karlsruhe.de\/Gemeinderat\/Gruene\/wp-json\/wp\/v2\/media?parent=19091"}],"wp:term":[{"taxonomy":"category","embeddable":true,"href":"https:\/\/web4.karlsruhe.de\/Gemeinderat\/Gruene\/wp-json\/wp\/v2\/categories?post=19091"},{"taxonomy":"post_tag","embeddable":true,"href":"https:\/\/web4.karlsruhe.de\/Gemeinderat\/Gruene\/wp-json\/wp\/v2\/tags?post=19091"}],"curies":[{"name":"wp","href":"https:\/\/api.w.org\/{rel}","templated":true}]}}