{"id":19050,"date":"2026-04-29T10:00:00","date_gmt":"2026-04-29T08:00:00","guid":{"rendered":"https:\/\/web4.karlsruhe.de\/Gemeinderat\/Gruene\/?p=19050"},"modified":"2026-03-24T13:10:38","modified_gmt":"2026-03-24T12:10:38","slug":"telefonsprechstunde-fuer-buergerinnen-dienstag-10-03-26-1200-1300-uhr","status":"publish","type":"post","link":"https:\/\/web4.karlsruhe.de\/Gemeinderat\/Gruene\/2026\/04\/telefonsprechstunde-fuer-buergerinnen-dienstag-10-03-26-1200-1300-uhr\/","title":{"rendered":"Telefonsprechstunde f\u00fcr B\u00fcrger*innen, Montag, 04.05.26, 12:00 \u2013 13:00 Uhr"},"content":{"rendered":"\n<p>Die Stadtr\u00e4tin Dr. Sonja Klingert steht am kommenden Montag, den 04. Mai von 12:00 \u2013 13:00 Uhr allen Karlsruher B\u00fcrger*innen f\u00fcr einen pers\u00f6nlichen Austausch unter der Telefonnummer 0721\/133 &#8211; 10 93 zur Verf\u00fcgung.<br>Da keine konkreten Termine vergeben werden, bitten wir darum, den gesamten Zeitraum zum Anrufen zu nutzen.<\/p>\n\n\n\n<p>Dr. Sonja Klingert ist Sprecherin der gr\u00fcnen Gemeinderatsfraktion f\u00fcr Klima- und Energiepolitik, Klimaanpassung und Stadtgr\u00fcn, Umweltschutz, Naturschutz und Forst.<br>Ein Schwerpunkt ihrer Arbeit ist der Einsatz f\u00fcr Klimagerechtigkeit und den Ausbau erneuerbarer Energien. Sie engagiert sich au\u00dferdem f\u00fcr die Erhaltung der Artenvielfalt, mehr Stadtgr\u00fcn und die konsequente Umsetzung der kommunalen Klimaanpassungsstrategie.<\/p>\n","protected":false},"excerpt":{"rendered":"<p>Die Stadtr\u00e4tin Dr. Sonja Klingert steht am kommenden Montag, den 04. Mai von 12:00 \u2013 13:00 Uhr allen Karlsruher B\u00fcrger*innen f\u00fcr einen pers\u00f6nlichen Austausch unter der Telefonnummer 0721\/133 &#8211; 10 [&hellip;]<\/p>\n","protected":false},"author":-1,"featured_media":15751,"comment_status":"closed","ping_status":"closed","sticky":true,"template":"","format":"standard","meta":{"footnotes":"","_links_to":"","_links_to_target":""},"categories":[12],"tags":[19],"class_list":["post-19050","post","type-post","status-publish","format-standard","has-post-thumbnail","hentry","category-pressemeldungen","tag-buergerinnenbeteiligung"],"_links":{"self":[{"href":"https:\/\/web4.karlsruhe.de\/Gemeinderat\/Gruene\/wp-json\/wp\/v2\/posts\/19050","targetHints":{"allow":["GET"]}}],"collection":[{"href":"https:\/\/web4.karlsruhe.de\/Gemeinderat\/Gruene\/wp-json\/wp\/v2\/posts"}],"about":[{"href":"https:\/\/web4.karlsruhe.de\/Gemeinderat\/Gruene\/wp-json\/wp\/v2\/types\/post"}],"author":[{"embeddable":true,"href":"https:\/\/web4.karlsruhe.de\/Gemeinderat\/Gruene\/wp-json\/wp\/v2\/users\/4"}],"replies":[{"embeddable":true,"href":"https:\/\/web4.karlsruhe.de\/Gemeinderat\/Gruene\/wp-json\/wp\/v2\/comments?post=19050"}],"version-history":[{"count":3,"href":"https:\/\/web4.karlsruhe.de\/Gemeinderat\/Gruene\/wp-json\/wp\/v2\/posts\/19050\/revisions"}],"predecessor-version":[{"id":19197,"href":"https:\/\/web4.karlsruhe.de\/Gemeinderat\/Gruene\/wp-json\/wp\/v2\/posts\/19050\/revisions\/19197"}],"wp:featuredmedia":[{"embeddable":true,"href":"https:\/\/web4.karlsruhe.de\/Gemeinderat\/Gruene\/wp-json\/wp\/v2\/media\/15751"}],"wp:attachment":[{"href":"https:\/\/web4.karlsruhe.de\/Gemeinderat\/Gruene\/wp-json\/wp\/v2\/media?parent=19050"}],"wp:term":[{"taxonomy":"category","embeddable":true,"href":"https:\/\/web4.karlsruhe.de\/Gemeinderat\/Gruene\/wp-json\/wp\/v2\/categories?post=19050"},{"taxonomy":"post_tag","embeddable":true,"href":"https:\/\/web4.karlsruhe.de\/Gemeinderat\/Gruene\/wp-json\/wp\/v2\/tags?post=19050"}],"curies":[{"name":"wp","href":"https:\/\/api.w.org\/{rel}","templated":true}]}}