{"id":18647,"date":"2025-11-17T15:05:00","date_gmt":"2025-11-17T14:05:00","guid":{"rendered":"https:\/\/web4.karlsruhe.de\/Gemeinderat\/Gruene\/?p=18647"},"modified":"2026-01-16T12:25:45","modified_gmt":"2026-01-16T11:25:45","slug":"personalstellen-bei-der-ueberwachung-des-ruhenden-verkehrs-nicht-streichen-hhs4_v158","status":"publish","type":"post","link":"https:\/\/web4.karlsruhe.de\/Gemeinderat\/Gruene\/2025\/11\/personalstellen-bei-der-ueberwachung-des-ruhenden-verkehrs-nicht-streichen-hhs4_v158\/","title":{"rendered":"Personalstellen bei der \u00dcberwachung des ruhenden Verkehrs nicht streichen (HHS4_V158)"},"content":{"rendered":"\n<p><strong>Teilhaushalt:<\/strong> 3200 Ordnungs- und B\u00fcrgerwesen<\/p>\n\n\n\n<p><strong>H\u00f6he der beantragten Mittel:<\/strong> 132.000 \u20ac (2026), 132.000 \u20ac (2027)<\/p>\n\n\n\n<p><strong>Begr\u00fcndung:<\/strong><\/p>\n\n\n\n<p>Die Sperrung der Personalstellen w\u00fcrde Mindereinnahmen bei den Bu\u00dfgeldern verursachen und w\u00fcrde somit in Summe keine Sparma\u00dfnahme darstellen.<\/p>\n\n\n\n<p>Unterzeichnet von:<\/p>\n\n\n\n<p>Aljoscha L\u00f6ffler, Jorinda Fahringer und GR\u00dcNE Fraktion<br>&nbsp;<\/p>\n\n\n\n<p>Das Anliegen erhielt eine <a href=\"https:\/\/sitzungskalender.karlsruhe.de\/db\/ratsinformation\/termin-10439#top75\" target=\"_blank\" rel=\"noreferrer noopener\">breite gemeinder\u00e4tliche Zustimmung<\/a>.<\/p>\n\n\n\n<p><\/p>\n","protected":false},"excerpt":{"rendered":"<p>Teilhaushalt: 3200 Ordnungs- und B\u00fcrgerwesen H\u00f6he der beantragten Mittel: 132.000 \u20ac (2026), 132.000 \u20ac (2027) Begr\u00fcndung: Die Sperrung der Personalstellen w\u00fcrde Mindereinnahmen bei den Bu\u00dfgeldern verursachen und w\u00fcrde somit in [&hellip;]<\/p>\n","protected":false},"author":-1,"featured_media":0,"comment_status":"closed","ping_status":"closed","sticky":false,"template":"","format":"standard","meta":{"footnotes":"","_links_to":"","_links_to_target":""},"categories":[1],"tags":[95,25,42,50],"class_list":["post-18647","post","type-post","status-publish","format-standard","hentry","category-aktuelles","tag-doppelhaushalt-2026-2027","tag-finanzen","tag-mobilitaet","tag-sicherheit-und-ordnung"],"_links":{"self":[{"href":"https:\/\/web4.karlsruhe.de\/Gemeinderat\/Gruene\/wp-json\/wp\/v2\/posts\/18647","targetHints":{"allow":["GET"]}}],"collection":[{"href":"https:\/\/web4.karlsruhe.de\/Gemeinderat\/Gruene\/wp-json\/wp\/v2\/posts"}],"about":[{"href":"https:\/\/web4.karlsruhe.de\/Gemeinderat\/Gruene\/wp-json\/wp\/v2\/types\/post"}],"author":[{"embeddable":true,"href":"https:\/\/web4.karlsruhe.de\/Gemeinderat\/Gruene\/wp-json\/wp\/v2\/users\/3"}],"replies":[{"embeddable":true,"href":"https:\/\/web4.karlsruhe.de\/Gemeinderat\/Gruene\/wp-json\/wp\/v2\/comments?post=18647"}],"version-history":[{"count":2,"href":"https:\/\/web4.karlsruhe.de\/Gemeinderat\/Gruene\/wp-json\/wp\/v2\/posts\/18647\/revisions"}],"predecessor-version":[{"id":19010,"href":"https:\/\/web4.karlsruhe.de\/Gemeinderat\/Gruene\/wp-json\/wp\/v2\/posts\/18647\/revisions\/19010"}],"wp:attachment":[{"href":"https:\/\/web4.karlsruhe.de\/Gemeinderat\/Gruene\/wp-json\/wp\/v2\/media?parent=18647"}],"wp:term":[{"taxonomy":"category","embeddable":true,"href":"https:\/\/web4.karlsruhe.de\/Gemeinderat\/Gruene\/wp-json\/wp\/v2\/categories?post=18647"},{"taxonomy":"post_tag","embeddable":true,"href":"https:\/\/web4.karlsruhe.de\/Gemeinderat\/Gruene\/wp-json\/wp\/v2\/tags?post=18647"}],"curies":[{"name":"wp","href":"https:\/\/api.w.org\/{rel}","templated":true}]}}